[{"@context":"https:\/\/schema.org\/","@type":"Article","@id":"https:\/\/www.jenikcz.cz\/jak-na-bolest-zad\/#Article","mainEntityOfPage":"https:\/\/www.jenikcz.cz\/jak-na-bolest-zad\/","headline":"Jak na bolest zad","name":"Jak na bolest zad","description":"Dne\u0161n\u00ed \u017eivotn\u00ed styl nep\u0159eje na\u0161emu zdrav\u00ed \u2013 p\u00e1te\u0159i p\u0159edev\u0161\u00edm. Nejv\u00edce si m\u016f\u017eeme od bolesti zad pomoci, kdy\u017e se nau\u010d\u00edme spr\u00e1vn\u011b sed\u011bt. A samoz\u0159ejm\u011b cvi\u010dit. \u010c\u00edm d\u00e1l&#46;&#46;&#46;","datePublished":"2019-06-12","dateModified":"2023-05-31","author":{"@type":"Person","@id":"https:\/\/www.jenikcz.cz\/author\/#Person","name":"","url":"https:\/\/www.jenikcz.cz\/author\/","identifier":1,"image":{"@type":"ImageObject","@id":"https:\/\/secure.gravatar.com\/avatar\/4eaadff62661a2c38386085c87f88f683e575f9fda122ff8560bf1208996f3c5?s=96&d=mm&r=g","url":"https:\/\/secure.gravatar.com\/avatar\/4eaadff62661a2c38386085c87f88f683e575f9fda122ff8560bf1208996f3c5?s=96&d=mm&r=g","height":96,"width":96}},"publisher":{"@type":"Organization","name":"jenikcz.cz","logo":{"@type":"ImageObject","@id":"\/logo.png","url":"\/logo.png","width":600,"height":60}},"image":{"@type":"ImageObject","@id":"https:\/\/www.jenikcz.cz\/wp-content\/uploads\/img_a348532_w2738_t1563479291.jpg","url":"https:\/\/www.jenikcz.cz\/wp-content\/uploads\/img_a348532_w2738_t1563479291.jpg","height":0,"width":0},"url":"https:\/\/www.jenikcz.cz\/jak-na-bolest-zad\/","wordCount":444,"articleBody":"Dne\u0161n\u00ed \u017eivotn\u00ed styl nep\u0159eje na\u0161emu zdrav\u00ed \u2013 p\u00e1te\u0159i p\u0159edev\u0161\u00edm. Nejv\u00edce si m\u016f\u017eeme od bolesti zad pomoci, kdy\u017e se nau\u010d\u00edme spr\u00e1vn\u011b sed\u011bt. A samoz\u0159ejm\u011b cvi\u010dit.\t\u010c\u00edm d\u00e1l v\u00edce lid\u00ed si st\u011b\u017euje na bolesti zad, a\u0165 ji\u017e kr\u010dn\u00ed p\u00e1te\u0159e, lopatek nebo bedern\u00ed oblasti. Bolest m\u016f\u017ee b\u00fdt tak intenzivn\u00ed, \u017ee \u201cposti\u017een\u00fd\u201c \u010dlov\u011bk nem\u016f\u017ee ani sed\u011bt, ani st\u00e1t a dokonce i le\u017een\u00ed n\u00e1m zp\u016fsobuje bolest. Vinu m\u016f\u017eeme p\u0159isuzovat \u0161patn\u00e9mu dr\u017een\u00ed t\u011bla, sedav\u00fdm zam\u011bstn\u00e1n\u00edm, po\u00farazov\u00e9mu stavu nebo i \u0161patn\u00e9mu pohybu.\t\tV\u011bt\u0161inou za probl\u00e9my \u2013 bolesti zad m\u016f\u017ee SARKOILIAK\u00c1LN\u00cd SKLOUBEN\u00cd, jedn\u00e1 se o dva klouby v\u00a0oblasti beder, kter\u00e9 obklopuj\u00ed p\u00e1te\u0159. \u00dakolem t\u011bchto kloub\u016f je dr\u017eet horn\u00ed \u010d\u00e1st p\u00e1te\u0159e vzp\u0159\u00edmen\u011b p\u0159i st\u00e1n\u00ed \u010di ch\u016fzi a v\u00e1hu p\u0159en\u00e1\u0161et na doln\u00ed kon\u010detiny. \tBohu\u017eel zablokov\u00e1n\u00ed sval\u016f \u010di plot\u00e9nky se mohou projevovat \u00fapln\u011b stejnou bolest\u00ed. Nejd\u016fle\u017eit\u011bj\u0161\u00ed proto je na nic ne\u010dekat, necpat do sebe analgetika od bolesti a co nejd\u0159\u00edve vyhledat l\u00e9ka\u0159skou pomoc. Probl\u00e9my se z\u00e1dy toti\u017e mohou p\u0159er\u016fst v\u00a0mnohem v\u011bt\u0161\u00ed probl\u00e9my ne\u017e jen bolest.\tBolestem zad se d\u00e1 vyvarovat, ale je to b\u011bh na dlouhou tra\u0165. Nen\u00ed to tak, \u017ee budete cvi\u010dit t\u00fdden a z\u00e1da budou jako nov\u00e9. Je to u\u017e na cel\u00fd \u017eivot.\tDoma bychom se m\u011bli vyvarovat nam\u00e1hav\u00fdm \u010dinnostem spojen\u00fdch s\u00a0\u00faklidem \u010di st\u011bhov\u00e1n\u00edm. Ani dlouh\u00e9 \u010dten\u00ed \u2013 hrben\u00ed u knihy nen\u00ed ide\u00e1ln\u00ed volba. Pokud mus\u00edme v pr\u00e1ci sed\u011bt, nen\u00ed to nejlep\u0161\u00ed, ale d\u00e1 se to obr\u00e1tit v n\u00e1\u0161 prosp\u011bch. Nejd\u016fle\u017eit\u011bj\u0161\u00edm faktorem je spr\u00e1vn\u00e1 \u017eidle, na kter\u00e9 m\u00e1me sed\u011bt tak, \u017ee se na\u0161e nohy budou dot\u00fdkat zem\u011b. Nohy m\u00e1me m\u00edt od sebe na \u0161\u00ed\u0159ku p\u00e1nve a trup s\u00a0hlavou a p\u00e1te\u0159\u00ed by m\u011bl b\u00fdt vertik\u00e1ln\u011b. \tD\u016fle\u017eit\u00e1 je pr\u00e1v\u011b i fyzick\u00e1 aktivita. Pokud del\u0161\u00ed dobu sed\u00edte, pomohou oby\u010dejn\u00e9 protahovac\u00ed cviky, doma je nejlep\u0161\u00ed na celkov\u00e9 prota\u017een\u00ed j\u00f3ga. P\u016fsob\u00ed toti\u017e preventivn\u011b na bolest zad i z\u00e1n\u011bty kloub\u016f.\t\u00a0\tPohyb n\u00e1m m\u016f\u017ee zachr\u00e1nit \u201c\u017eivot\u201c, bolest zad nen\u00ed p\u0159\u00edjemn\u00e1 v\u011bc a n\u00e1sledn\u011b jej\u00ed l\u00e9\u010den\u00ed se m\u016f\u017ee prot\u00e1hnout na velice dlouhou dobu. Proto myslete na sv\u00e9 zdrav\u00ed v\u010das.                                                                                                                                                                                                                                                                                                                                                                                        4.6\/5 - (8 votes)        "},{"@context":"https:\/\/schema.org\/","@type":"BreadcrumbList","itemListElement":[{"@type":"ListItem","position":1,"name":"Jak na bolest zad","item":"https:\/\/www.jenikcz.cz\/jak-na-bolest-zad\/#breadcrumbitem"}]}]