[{"@context":"https:\/\/schema.org\/","@type":"Article","@id":"https:\/\/www.jenikcz.cz\/na-jaky-pohon-budou-jezdit-automobily-za-deset-let\/#Article","mainEntityOfPage":"https:\/\/www.jenikcz.cz\/na-jaky-pohon-budou-jezdit-automobily-za-deset-let\/","headline":"Na jak\u00fd pohon budou jezdit automobily za deset let?","name":"Na jak\u00fd pohon budou jezdit automobily za deset let?","description":"I kdy\u017e automobil\u016f se spalovac\u00edmi motory je na trhu prozat\u00edm v\u011bt\u0161ina, derou se do pop\u0159ed\u00ed i dal\u0161\u00ed technologie. M\u00e1 tedy budoucnost pat\u0159it sp\u00ed\u0161e bateriov\u00fdm elektromobil\u016fm, aut\u016fm&#46;&#46;&#46;","datePublished":"2020-01-19","dateModified":"2023-05-31","author":{"@type":"Person","@id":"https:\/\/www.jenikcz.cz\/author\/#Person","name":"","url":"https:\/\/www.jenikcz.cz\/author\/","identifier":1,"image":{"@type":"ImageObject","@id":"https:\/\/secure.gravatar.com\/avatar\/4eaadff62661a2c38386085c87f88f683e575f9fda122ff8560bf1208996f3c5?s=96&d=mm&r=g","url":"https:\/\/secure.gravatar.com\/avatar\/4eaadff62661a2c38386085c87f88f683e575f9fda122ff8560bf1208996f3c5?s=96&d=mm&r=g","height":96,"width":96}},"publisher":{"@type":"Organization","name":"jenikcz.cz","logo":{"@type":"ImageObject","@id":"\/logo.png","url":"\/logo.png","width":600,"height":60}},"image":{"@type":"ImageObject","@id":"https:\/\/www.jenikcz.cz\/wp-content\/uploads\/img_a366852_w3736_t1579415547.jpg","url":"https:\/\/www.jenikcz.cz\/wp-content\/uploads\/img_a366852_w3736_t1579415547.jpg","height":0,"width":0},"url":"https:\/\/www.jenikcz.cz\/na-jaky-pohon-budou-jezdit-automobily-za-deset-let\/","about":["Auto moto"],"wordCount":435,"articleBody":"I kdy\u017e automobil\u016f se spalovac\u00edmi motory je na trhu prozat\u00edm v\u011bt\u0161ina, derou se do pop\u0159ed\u00ed i dal\u0161\u00ed technologie. M\u00e1 tedy budoucnost pat\u0159it sp\u00ed\u0161e bateriov\u00fdm elektromobil\u016fm, aut\u016fm s&nbsp; vod\u00edkov\u00fdmi \u010dl\u00e1nky, anebo vozidl\u016fm s&nbsp;hybridn\u00edm pohonem?Mohlo by se zd\u00e1t, \u017ee spalovac\u00ed motory postupn\u011b vymiz\u00ed, a to jednak z&nbsp;d\u016fvod\u016f ekologick\u00fdch (sn\u00ed\u017een\u00ed emis\u00ed), a tak\u00e9 proto, \u017ee ub\u00fdvaj\u00ed z\u00e1soby ropy. Tud\u00ed\u017e by ji m\u011bly nahradit obnoviteln\u00e9 zdroje.Av\u0161ak na druh\u00e9 stran\u011b i spalovac\u00ed motory se st\u00e1le vyv\u00edjej\u00ed. Novou mo\u017enost jejich p\u0159e\u017eit\u00ed slibuj\u00ed chytr\u00e1 turbodmychadla a mikrovlnn\u00fd z\u00e1\u017eeh. Technologii mikrovlnn\u00e9ho pulzn\u00edho zapalov\u00e1n\u00ed vyv\u00edjej\u00ed odborn\u00edci v&nbsp;N\u011bmecku. Spalovac\u00ed motory maj\u00ed dos\u00e1hnout a\u017e o t\u0159etinu ni\u017e\u0161\u00ed spot\u0159ebu paliva, co\u017e se v\u00fdznamn\u011b projev\u00ed i na sn\u00ed\u017een\u00ed \u0161kodlivin, vypou\u0161t\u011bn\u00fdch do ovzdu\u0161\u00ed &ndash; v\u00fdvoj\u00e1\u0159i tvrd\u00ed, \u017ee by emise mohly \u010dinit asi jen \u010dtvrtinu oproti sou\u010dasn\u00e9mu mno\u017estv\u00ed spalin. A to tak\u00e9 proto, \u017ee PHM se budou spalovat p\u0159i ni\u017e\u0161\u00ed teplot\u011b. Syst\u00e9m MICRO WAVE pulzn\u00edho zapalov\u00e1n\u00ed by m\u011bl b\u00fdt pou\u017e\u00edv\u00e1n u motor\u016f naftov\u00fdch i benz\u00ednov\u00fdch.Spole\u010dnost pro v\u00fdzkum a v\u00fdvoj t\u00e9to technologie oslovila n\u011bkter\u00e9 sv\u011btov\u00e9 automobilky p\u0159i hled\u00e1n\u00ed partner\u016f, kte\u0159\u00ed by tento inovativn\u00ed syst\u00e9m podpo\u0159ili.V&nbsp;roce 2019 m\u011blo b\u00fdt mikrovlnn\u00e9 pulzn\u00ed zapalov\u00e1n\u00ed testov\u00e1no na z\u00e1vodn\u00edch vozech Porsche 911 GT3 &ndash; v\u00fdsledky test\u016f maj\u00ed rozhodnout, zda se za\u010dne mikrovlnn\u00fd z\u00e1\u017eeh pou\u017e\u00edvat i ve vozidlech v&nbsp;b\u011b\u017en\u00e9m ka\u017edodenn\u00edm provozu.Turbodmychadla &#8211; pr\u00e1v\u011b k&nbsp;nim se up\u00edn\u00e1 pozornost automobilek, nebo\u0165 dok\u00e1\u017e\u00ed p\u0159i ni\u017e\u0161\u00ed spot\u0159eb\u011b PHM sn\u00ed\u017eit emise \u0161kodlivin a p\u0159itom zajist\u00ed vy\u0161\u0161\u00ed v\u00fdkon motoru. Na z\u00e1klad\u011b klasick\u00e9ho turbodmychadla odborn\u00edci vyvinuli elektrick\u00e9 turbo &ndash; jedn\u00e1 se o v\u010dlen\u011bn\u00ed elektrick\u00e9ho motoru s elektronikou ke kompresoru a turb\u00edn\u011b.Spole\u010dnost Garett, v\u00fdrobce turbodmychadel, p\u0159edstavila v&nbsp;Brn\u011b automobil Audi Q7, 2.0 v&nbsp;\u00faprav\u011b s&nbsp;eletroturbem. V\u00fdkon se zv\u00fd\u0161il o 30 kW, to\u010div\u00fd moment o 40 Nm a emisn\u00ed t\u0159\u00edda se r\u00e1zem zvedla z&nbsp;Euro 6 na Euro 7.Z&nbsp;uveden\u00fdch informac\u00ed vypl\u00fdv\u00e1, \u017ee spalovac\u00edm motor\u016fm je\u0161t\u011b zdaleka nezvon\u00ed hrana, a \u017ee vozidla s&nbsp;nimi budou z\u0159ejm\u011b jezdit je\u0161t\u011b n\u011bkolik des\u00edtek let.                                                                                                                                                                                                                                                                                                                                                                                        4\/5 - (9 votes)        "},{"@context":"https:\/\/schema.org\/","@type":"BreadcrumbList","itemListElement":[{"@type":"ListItem","position":1,"name":"Na jak\u00fd pohon budou jezdit automobily za deset let?","item":"https:\/\/www.jenikcz.cz\/na-jaky-pohon-budou-jezdit-automobily-za-deset-let\/#breadcrumbitem"}]}]