[{"@context":"https:\/\/schema.org\/","@type":"Article","@id":"https:\/\/www.jenikcz.cz\/nove-ceske-barvy\/#Article","mainEntityOfPage":"https:\/\/www.jenikcz.cz\/nove-ceske-barvy\/","headline":"Nov\u00e9 \u010desk\u00e9 barvy","name":"Nov\u00e9 \u010desk\u00e9 barvy","description":"\u010ce\u0161t\u00ed v\u00fdrobci n\u00e1bytku a bytov\u00fdch dopl\u0148k\u016f vytvo\u0159ili novou paletu barev vytvo\u0159enou dle preferenc\u00ed \u010desk\u00fdch z\u00e1kazn\u00edk\u016f. Jedn\u00e1 se hlavn\u011b o odst\u00edny \u0161ed\u00e9, b\u00e9\u017eov\u00e9 a pastelov\u00e9. Ka\u017ed\u00fd bude&#46;&#46;&#46;","datePublished":"2019-11-06","dateModified":"2023-05-31","author":{"@type":"Person","@id":"https:\/\/www.jenikcz.cz\/author\/#Person","name":"","url":"https:\/\/www.jenikcz.cz\/author\/","identifier":1,"image":{"@type":"ImageObject","@id":"https:\/\/secure.gravatar.com\/avatar\/4eaadff62661a2c38386085c87f88f683e575f9fda122ff8560bf1208996f3c5?s=96&d=mm&r=g","url":"https:\/\/secure.gravatar.com\/avatar\/4eaadff62661a2c38386085c87f88f683e575f9fda122ff8560bf1208996f3c5?s=96&d=mm&r=g","height":96,"width":96}},"publisher":{"@type":"Organization","name":"jenikcz.cz","logo":{"@type":"ImageObject","@id":"\/logo.png","url":"\/logo.png","width":600,"height":60}},"image":{"@type":"ImageObject","@id":"https:\/\/www.jenikcz.cz\/wp-content\/uploads\/img_a361671_w3736_t1574866196.jpg","url":"https:\/\/www.jenikcz.cz\/wp-content\/uploads\/img_a361671_w3736_t1574866196.jpg","height":0,"width":0},"url":"https:\/\/www.jenikcz.cz\/nove-ceske-barvy\/","about":["Byt"],"wordCount":434,"articleBody":"\u010ce\u0161t\u00ed v\u00fdrobci n\u00e1bytku a bytov\u00fdch dopl\u0148k\u016f vytvo\u0159ili novou paletu barev vytvo\u0159enou dle preferenc\u00ed \u010desk\u00fdch z\u00e1kazn\u00edk\u016f. Jedn\u00e1 se hlavn\u011b o odst\u00edny \u0161ed\u00e9, b\u00e9\u017eov\u00e9 a pastelov\u00e9. Ka\u017ed\u00fd bude ve spr\u00e1vn\u00e9 kombinaci vypadat jedine\u010dn\u011b a neokoukan\u011b a zapadne do interi\u00e9ru ka\u017ed\u00e9ho domu \u010di bytu. A to a\u0165 u\u017e je v&nbsp;modern\u00edm \u010di venkovsk\u00e9m stylu.Barevn\u00e9 kombinace vych\u00e1z\u00ed ze t\u0159\u00ed z\u00e1kladn\u00edch skupin:\t\tP\u0159\u00edrodn\u00ed a neutr\u00e1ln\u00ed (b\u00e9\u017eov\u00e9, \u0161ed\u00e9, b\u00edl\u00e9);\t\tpastelov\u00e9, duhov\u00e9, r\u016f\u017eov\u00e9, sv\u011btle fialov\u00e9, sv\u011btle modr\u00e9 \u010di mintov\u00e9;\t\tsyt\u00e9 odst\u00edny (\u010derven\u00e1, \u017elut\u00e1, tmav\u011b \u0161ed\u00e1 modr\u00e1 a tyrkysov\u00e1).A te\u010f u\u017e k&nbsp;samotn\u00fdm nov\u00fdm barv\u00e1m. Zde jsou:\t\tKv\u011bt magnolieTento odd\u00edl zahrnuje neutr\u00e1ln\u00ed b\u00e9\u017eov\u00e9 odst\u00edny. Ty nijak nezat\u011b\u017euj\u00ed na\u0161e podv\u011bdom\u00ed ani smysly, naopak vytv\u00e1\u0159\u00ed h\u0159ejiv\u00fd pocit a vyb\u00edz\u00ed k&nbsp;relaxaci. V\u00fdborn\u011b se hod\u00ed do ob\u00fdvac\u00edch pokoj\u016f v&nbsp;kombinaci se \u017elutou \u010di jemn\u011b k\u00e1vovou.\t\tLipov\u00e1N\u00e1\u0161 n\u00e1rodn\u00ed strom a obzvl\u00e1\u0161t\u011b pak barva jeho kv\u011bt\u016f vyvol\u00e1v\u00e1 pocity nostalgie. Skv\u011ble zapadne do m\u00edstnost\u00ed vhodn\u00fdch ke sp\u00e1nku. Pokud se dopln\u00ed o perlov\u011b b\u00edlou, pocit dokonal\u00e9 pohody ji\u017e nem\u016f\u017ee nic p\u0159ekazit.\t\tTropick\u00e9 avok\u00e1doJedn\u00e1 se o zelen\u00e9 a\u017e \u017elutozelen\u00e9 odst\u00edny, kter\u00e9 navozuj\u00ed pocit bezpe\u010d\u00ed a p\u0159in\u00e1\u0161\u00ed organismu novou sv\u011b\u017e\u00ed energii. Skv\u011ble bude vypadat ve spojen\u00ed s&nbsp;kakaov\u00fdmi t\u00f3ny.\t\t\u0160alv\u011bjJak ji\u017e n\u00e1zev napov\u00edd\u00e1, tento odst\u00edn byl inspirov\u00e1n zelen\u00fdm zbarven\u00edm \u0161alv\u011bje, co\u017e je nep\u00e1lsk\u00e1 kv\u011btina slou\u017e\u00edc\u00ed p\u0159edev\u0161\u00edm k&nbsp;p\u0159\u00edprav\u011b \u010daje. M\u00e1 uklid\u0148uj\u00edc\u00ed \u00fa\u010dinek, kter\u00fd se kombinuje s&nbsp;dal\u0161\u00edmi zelen\u00fdmi \u010di b\u00e9\u017eov\u00fdmi odst\u00edny.\t\tGranitov\u00e1 \u0161e\u010fTento odst\u00edn tmav\u00e9 \u0161ed\u00e9 odpov\u00edd\u00e1 po\u017eadavk\u016fm industri\u00e1ln\u00edho stylu, kter\u00fd uceluje interi\u00e9r v&nbsp;jeden celek, klade velk\u00fd d\u016fraz na jednotliv\u00e9 detaily a skv\u011ble se hod\u00ed k&nbsp;zelen\u00fdm \u010di \u017elut\u00fdm t\u00f3n\u016fm.\t\tKarm\u00ednov\u00e1Tato energick\u00e1 barva p\u0159edur\u010duje k&nbsp;aktivit\u011b, \u010d\u00edm\u017e skv\u011ble zapad\u00e1 do m\u00edstnost\u00ed, kde se pracuje \u010di jinak podn\u011bcuje tvo\u0159ivost. Skv\u011blou volbou tedy bude pracovna, studovna \u010di podobn\u00e9 prostory. Proto\u017ee se jedn\u00e1 o vcelku v\u00fdrazn\u00fd odst\u00edn, je t\u0159eba jej trochu zm\u00edrnit vhodn\u011b zvolen\u00fdmi dopl\u0148uj\u00edc\u00edmi t\u00f3ny. T\u011bmi jsou nap\u0159\u00edklad b\u00e9\u017eov\u00e1 nebo p\u00edskov\u00e1.                                                                                                                                                                                                                                                                                                                                                                                        4.1\/5 - (10 votes)        "},{"@context":"https:\/\/schema.org\/","@type":"BreadcrumbList","itemListElement":[{"@type":"ListItem","position":1,"name":"Nov\u00e9 \u010desk\u00e9 barvy","item":"https:\/\/www.jenikcz.cz\/nove-ceske-barvy\/#breadcrumbitem"}]}]