[{"@context":"https:\/\/schema.org\/","@type":"Article","@id":"https:\/\/www.jenikcz.cz\/proc-postizene-deti-nasilne-zaclenit-do-kolektivu\/#Article","mainEntityOfPage":"https:\/\/www.jenikcz.cz\/proc-postizene-deti-nasilne-zaclenit-do-kolektivu\/","headline":"Pro\u010d posti\u017een\u00e9 d\u011bti n\u00e1siln\u011b za\u010dlenit do kolektivu?","name":"Pro\u010d posti\u017een\u00e9 d\u011bti n\u00e1siln\u011b za\u010dlenit do kolektivu?","description":"&nbsp;V&nbsp;jeden \u010das se hodn\u011b diskutovalo o inkluzi ve \u0161kolstv\u00ed &ndash; za\u010dlen\u011bn\u00ed posti\u017een\u00fdch d\u011bt\u00ed do norm\u00e1ln\u00edch \u0161kol. O za\u010dlen\u011bn\u00ed handicapovan\u00fdch jedinc\u016f, kte\u0159\u00ed jsou omezeni pohybov\u011b, nemohu \u0159\u00edci&#46;&#46;&#46;","datePublished":"2019-10-05","dateModified":"2023-05-31","author":{"@type":"Person","@id":"https:\/\/www.jenikcz.cz\/author\/#Person","name":"","url":"https:\/\/www.jenikcz.cz\/author\/","identifier":1,"image":{"@type":"ImageObject","@id":"https:\/\/secure.gravatar.com\/avatar\/4eaadff62661a2c38386085c87f88f683e575f9fda122ff8560bf1208996f3c5?s=96&d=mm&r=g","url":"https:\/\/secure.gravatar.com\/avatar\/4eaadff62661a2c38386085c87f88f683e575f9fda122ff8560bf1208996f3c5?s=96&d=mm&r=g","height":96,"width":96}},"publisher":{"@type":"Organization","name":"jenikcz.cz","logo":{"@type":"ImageObject","@id":"\/logo.png","url":"\/logo.png","width":600,"height":60}},"image":{"@type":"ImageObject","@id":"https:\/\/www.jenikcz.cz\/wp-content\/uploads\/img_a356271_w3736_t1570908826.png","url":"https:\/\/www.jenikcz.cz\/wp-content\/uploads\/img_a356271_w3736_t1570908826.png","height":0,"width":0},"url":"https:\/\/www.jenikcz.cz\/proc-postizene-deti-nasilne-zaclenit-do-kolektivu\/","about":["Vzd\u011bl\u00e1n\u00ed"],"wordCount":448,"articleBody":"&nbsp;V&nbsp;jeden \u010das se hodn\u011b diskutovalo o inkluzi ve \u0161kolstv\u00ed &ndash; za\u010dlen\u011bn\u00ed posti\u017een\u00fdch d\u011bt\u00ed do norm\u00e1ln\u00edch \u0161kol. O za\u010dlen\u011bn\u00ed handicapovan\u00fdch jedinc\u016f, kte\u0159\u00ed jsou omezeni pohybov\u011b, nemohu \u0159\u00edci nic \u0161patn\u00e9ho, proto\u017ee s&nbsp;v\u00fdtahem a rampou se i voz\u00ed\u010dk\u00e1\u0159i dostanou do t\u0159\u00eddy. Dokonce i d\u00edt\u011b s&nbsp;t\u011b\u017ek\u00fdm posti\u017een\u00edm zraku lze vyu\u010dovat v&nbsp;norm\u00e1ln\u00ed \u0161kole. M\u016fj spolu\u017e\u00e1k s&nbsp;atrofi\u00ed zrakov\u00e9ho nervu se u\u010dil tak, \u017ee si l\u00e1tku pou\u0161t\u011bl na nahr\u00e1vk\u00e1ch a bez probl\u00e9m\u016f odmaturoval &ndash; na prvn\u00ed pokus. Dok\u00e1\u017eu si p\u0159edstavit i v\u00fduku hluch\u00fdch a n\u011bm\u00fdch d\u011bt\u00ed skrze psan\u00fd text.&nbsp;Co si nedok\u00e1\u017eu p\u0159edstavit je v\u00fduka jedinc\u016f t\u0159eba s poruchou autistick\u00e9ho spektra. Ve zvl\u00e1\u0161tn\u00edch \u0161kol\u00e1ch jsou pro studium podobn\u011b posti\u017een\u00fdch vybaveni. A tak\u00e9 je u\u010d\u00ed praktick\u00e9 \u010dinnosti &ndash; sna\u017e\u00ed se jim usnadnit budouc\u00ed \u017eivot, aby byli co nejv\u00edce samostatn\u00ed.&nbsp;Ve Finsku inkluzi ve \u0161kolstv\u00ed vy\u0159e\u0161ili (dle m\u00e9ho soukrom\u00e9ho n\u00e1zoru) geni\u00e1ln\u011b &ndash; posti\u017een\u00e9 i zdrav\u00e9 d\u011bti se u\u010d\u00ed ve stejn\u00e9 \u0161kole, ale v&nbsp;jin\u00fdch t\u0159\u00edd\u00e1ch. D\u011bti se tak mohou u\u010dit tempem, kter\u00e9 je vzhledem k&nbsp;jejich stavu adekv\u00e1tn\u00ed, ale o p\u0159est\u00e1vk\u00e1ch maj\u00ed interakci se v\u0161emi ostatn\u00edmi a u\u010d\u00ed se fungovat v&nbsp;kolektivu.U n\u00e1s se inkluze \u0159e\u0161\u00ed jinak &ndash; d\u00edt\u011bti je poskytnuta asistentka a je za\u010dlen\u011bno do klasick\u00e9 t\u0159\u00eddy. Nemysl\u00edm si, \u017ee to je dobr\u00e9. Dokonce je zn\u00e1m i p\u0159\u00edpad, kdy matka svoji dceru ze \u0161koly pro norm\u00e1ln\u00ed d\u011bti odebrala, proto\u017ee trp\u011bla poruchou autistick\u00e9ho spektra a d\u011bti ji kv\u016fli tomu \u0161ikanovali a u\u010ditelka to nezvl\u00e1dala. Po um\u00edst\u011bn\u00ed d\u00edvky na speci\u00e1ln\u00ed \u0161kolu se zlep\u0161il nejen jej\u00ed psychick\u00fd stav, ale dok\u00e1zala se klasicky u\u010dit na velmi podobn\u00e9 \u00farovni, jako jej\u00ed vrstevn\u00edci na klasick\u00e9 \u0161kole.&nbsp;Ka\u017ed\u00e9 d\u00edt\u011b (a nejen to posti\u017een\u00e9) pot\u0159ebuje individu\u00e1ln\u00ed p\u0159\u00edstup a ne ka\u017ed\u00e9 si vysta\u010d\u00ed s&nbsp;klasickou formou vzd\u011bl\u00e1v\u00e1n\u00ed. M\u011bli bychom to respektovat a m\u00edsto slu\u010dov\u00e1n\u00ed d\u011bt\u00ed do stejn\u00fdch t\u0159\u00edd mo\u017en\u00e1 vylep\u0161it vzd\u011bl\u00e1v\u00e1n\u00ed na zvl\u00e1\u0161tn\u00edch \u0161kol\u00e1ch tak, aby byly mo\u017enosti pro v\u0161echny d\u011bti stejn\u00e9, ale p\u0159izp\u016fsoben\u00e9 jejich pot\u0159eb\u00e1m.                                                                                                                                                                                                                                                                                                                                                                                        4.1\/5 - (14 votes)        "},{"@context":"https:\/\/schema.org\/","@type":"BreadcrumbList","itemListElement":[{"@type":"ListItem","position":1,"name":"Pro\u010d posti\u017een\u00e9 d\u011bti n\u00e1siln\u011b za\u010dlenit do kolektivu?","item":"https:\/\/www.jenikcz.cz\/proc-postizene-deti-nasilne-zaclenit-do-kolektivu\/#breadcrumbitem"}]}]