[{"@context":"https:\/\/schema.org\/","@type":"Article","@id":"https:\/\/www.jenikcz.cz\/sezona-formule-1-v-roce-2021-muze-byt-bez-raikkonena\/#Article","mainEntityOfPage":"https:\/\/www.jenikcz.cz\/sezona-formule-1-v-roce-2021-muze-byt-bez-raikkonena\/","headline":"Sez\u00f3na Formule 1 v roce 2021 m\u016f\u017ee b\u00fdt bez R\u00e4ikk\u00f6nena","name":"Sez\u00f3na Formule 1 v roce 2021 m\u016f\u017ee b\u00fdt bez R\u00e4ikk\u00f6nena","description":"\u00a0 Prvn\u00ed prosincovou ned\u011bl\u00ed jsme ukon\u010dili sez\u00f3nu 2019 a obsazen\u00ed seda\u010dek pro rok 2020 n\u00e1m je n\u011bjakou dobu zn\u00e1mo.\u00a0\u00a0\u00a0\u00a0\u00a0\u00a0\u00a0\u00a0\u00a0\u00a0\u00a0 Ov\u0161em rok 2021 bude pro v\u0161echny fanou\u0161ky&#46;&#46;&#46;","datePublished":"2019-12-12","dateModified":"2019-12-12","author":{"@type":"Person","@id":"https:\/\/www.jenikcz.cz\/author\/#Person","name":"","url":"https:\/\/www.jenikcz.cz\/author\/","identifier":1,"image":{"@type":"ImageObject","@id":"https:\/\/secure.gravatar.com\/avatar\/4eaadff62661a2c38386085c87f88f683e575f9fda122ff8560bf1208996f3c5?s=96&d=mm&r=g","url":"https:\/\/secure.gravatar.com\/avatar\/4eaadff62661a2c38386085c87f88f683e575f9fda122ff8560bf1208996f3c5?s=96&d=mm&r=g","height":96,"width":96}},"publisher":{"@type":"Organization","name":"jenikcz.cz","logo":{"@type":"ImageObject","@id":"\/logo.png","url":"\/logo.png","width":600,"height":60}},"image":{"@type":"ImageObject","@id":"https:\/\/www.jenikcz.cz\/wp-content\/uploads\/img_a363802_w4335_t1576518228.jpg","url":"https:\/\/www.jenikcz.cz\/wp-content\/uploads\/img_a363802_w4335_t1576518228.jpg","height":0,"width":0},"url":"https:\/\/www.jenikcz.cz\/sezona-formule-1-v-roce-2021-muze-byt-bez-raikkonena\/","about":["Auto moto"],"wordCount":374,"articleBody":"\u00a0 Prvn\u00ed prosincovou ned\u011bl\u00ed jsme ukon\u010dili sez\u00f3nu 2019 a obsazen\u00ed seda\u010dek pro rok 2020 n\u00e1m je n\u011bjakou dobu zn\u00e1mo.\u00a0\u00a0\u00a0\u00a0\u00a0\u00a0\u00a0\u00a0\u00a0\u00a0\u00a0 Ov\u0161em rok 2021 bude pro v\u0161echny fanou\u0161ky kr\u00e1lovny motorsportu velkou nezn\u00e1mou.\u010cek\u00e1 n\u00e1s mnoho revolu\u010dn\u00edch zm\u011bn &#8211; pravidly po\u010d\u00ednaje a samotn\u00fdm monopostem kon\u010de.\u00a0\u00a0\u00a0\u00a0\u00a0\u00a0\u00a0\u00a0\u00a0\u00a0\u00a0 Pro sez\u00f3nu 2021 nem\u00e1 podepsanou smlouvy nejobl\u00edben\u011bj\u0161\u00ed jezdec sou\u010dasn\u00e9ho startovn\u00edho pole &#8211; Kimi \u201eIceman\u201c\u00a0 R\u00e4ikk\u00f6nen.\u00a0\u00a0\u00a0\u00a0\u00a0\u00a0\u00a0\u00a0\u00a0\u00a0\u00a0 Ten se stal mistrem sv\u011bta v roce 2007 v barv\u00e1ch Ferrari. Od roku 2010 z\u00e1vodil v World Rally Championship a Nascar, aby se v roce 2012 vr\u00e1til do Formule 1 v barv\u00e1ch Lotusu. Od roku 2014 dostal seda\u010dku op\u011bt v t\u00fdmu Ferrari.\u00a0\u00a0\u00a0\u00a0\u00a0\u00a0\u00a0\u00a0\u00a0\u00a0\u00a0\u00a0 Pr\u00e1v\u011b ve Ferrari ho pro sez\u00f3nu 2019 vyst\u0159\u00eddal mladi\u010dk\u00fd Charles Leclerc a Kimi zaujal m\u00edsto ve slab\u0161\u00edm italsk\u00e9m t\u00fdmu Alfa Romeo.\u00a0\u00a0\u00a0\u00a0\u00a0\u00a0\u00a0\u00a0\u00a0\u00a0\u00a0\u00a0 Samotn\u00fd t\u00fdm Alfa Romeo nem\u00e1 pro rok 2021 jasno. Alfa se do Formule 1 vr\u00e1tila skoro po 25 letech a a\u017e na slibn\u00fd za\u010d\u00e1tek si nevedla moc dob\u0159e.\u00a0\u00a0\u00a0\u00a0\u00a0\u00a0\u00a0\u00a0\u00a0\u00a0\u00a0 V\u0161e vypadalo v po\u0159\u00e1dku, ale samotn\u00e1 automobilov\u00e1 zna\u010dka zaznamenala propad. Probl\u00e9my v podnik\u00e1n\u00ed vedly zna\u010dku, aby p\u0159ehodnotila \u00fa\u010dast ve Formuli 1. V prodeji automobil\u016f nedosahuje automobilka uspokojiv\u00fdch v\u00fdsledk\u016f a \u00fa\u010dast ve Formuli 1 je zna\u010dn\u011b n\u00e1kladn\u00e1.\u00a0\u00a0\u00a0\u00a0\u00a0\u00a0\u00a0\u00a0\u00a0\u00a0\u00a0\u00a0 Spolupr\u00e1ce s Ferrari se tak\u00e9 nejev\u00ed jako p\u0159\u00edli\u0161 \u00fasp\u011b\u0161n\u00e1. Navzdory intenzivn\u00ed spolupr\u00e1ci se Alfa Romeo domn\u00edv\u00e1, \u017ee je pro n\u011b vz\u00e1jemn\u00e1 dohoda m\u00e1lo u\u017eite\u010dn\u00e1.\u00a0\u00a0\u00a0\u00a0\u00a0\u00a0\u00a0\u00a0\u00a0\u00a0\u00a0\u00a0 Automobilka Alfa Romeo nevlastn\u00ed t\u00fdm Formule 1, n\u00fdbr\u017e je spojen\u00e1 s investi\u010dn\u00ed spole\u010dnost\u00ed, kterou vlastn\u00ed Sauber Motorsport.\u00a0\u00a0\u00a0\u00a0\u00a0\u00a0\u00a0\u00a0\u00a0\u00a0\u00a0\u00a0 Sauber Motorsportsi tedy mus\u00ed naj\u00edt pro setrv\u00e1n\u00ed ve Formuli 1 nov\u00e9ho partnera, ale moc mo\u017enost\u00ed nem\u00e1. Spolupracovat by mohla Honda, ale za ur\u010dit\u00fdch podm\u00ednek. Jednou z podm\u00ednek by mohla b\u00fdt voln\u00e1 seda\u010dka pro obsazen\u00ed japonsk\u00e9ho pilota. Dal\u0161\u00ed mo\u017enost\u00ed je naj\u00edt nov\u00e9ho finan\u010dn\u00edho partnera.\u00a0\u00a0\u00a0\u00a0\u00a0\u00a0\u00a0\u00a0\u00a0\u00a0\u00a0\u00a0 Kimi douf\u00e1, \u017ee nov\u00e1 pravidla v roce 2021 zlep\u0161\u00ed z\u00e1vody F1. Nechal se v\u0161ak sly\u0161et, \u017ee to nebude m\u00edt vliv na jeho setrv\u00e1n\u00ed pro dal\u0161\u00ed rok.\u00a0\u00a0\u00a0\u00a0\u00a0\u00a0\u00a0\u00a0\u00a0\u00a0\u00a0\u00a0\u00a0\u00a0\u00a0\u00a0\u00a0\u00a0\u00a0\u00a0\u00a0\u00a0 Budoucnost t\u00fdmu Alfa Romeo je zat\u00edm nejasn\u00e1.\u00a0\t\u00a0\u00a0\u00a0\u00a0\u00a0\u00a0\u00a0\u00a0\u00a0                                                                                                                                                                                                                                                                                                                                                                                                 "},{"@context":"https:\/\/schema.org\/","@type":"BreadcrumbList","itemListElement":[{"@type":"ListItem","position":1,"name":"Sez\u00f3na Formule 1 v roce 2021 m\u016f\u017ee b\u00fdt bez R\u00e4ikk\u00f6nena","item":"https:\/\/www.jenikcz.cz\/sezona-formule-1-v-roce-2021-muze-byt-bez-raikkonena\/#breadcrumbitem"}]}]