[{"@context":"https:\/\/schema.org\/","@type":"Article","@id":"https:\/\/www.jenikcz.cz\/univerzita-tretiho-veku\/#Article","mainEntityOfPage":"https:\/\/www.jenikcz.cz\/univerzita-tretiho-veku\/","headline":"Univerzita t\u0159et\u00edho v\u011bku","name":"Univerzita t\u0159et\u00edho v\u011bku","description":"Syst\u00e9m celo\u017eitovn\u00edho vzd\u011bl\u00e1v\u00e1n\u00ed vznikl u\u017e v\u00a0roce 1973 ve Francii p\u0159idru\u017een k\u00a0tradi\u010dn\u00edm univerzit\u00e1m. Proto\u017ee tento syst\u00e9m vzd\u011bl\u00e1v\u00e1n\u00ed za\u010dal b\u00fdt u spole\u010dnosti velmi obl\u00edben\u00fd, roz\u0161\u00ed\u0159il se pak velmi&#46;&#46;&#46;","datePublished":"2020-01-21","dateModified":"2020-01-21","author":{"@type":"Person","@id":"https:\/\/www.jenikcz.cz\/author\/#Person","name":"","url":"https:\/\/www.jenikcz.cz\/author\/","identifier":1,"image":{"@type":"ImageObject","@id":"https:\/\/secure.gravatar.com\/avatar\/4eaadff62661a2c38386085c87f88f683e575f9fda122ff8560bf1208996f3c5?s=96&d=mm&r=g","url":"https:\/\/secure.gravatar.com\/avatar\/4eaadff62661a2c38386085c87f88f683e575f9fda122ff8560bf1208996f3c5?s=96&d=mm&r=g","height":96,"width":96}},"publisher":{"@type":"Organization","name":"jenikcz.cz","logo":{"@type":"ImageObject","@id":"\/logo.png","url":"\/logo.png","width":600,"height":60}},"image":{"@type":"ImageObject","@id":"https:\/\/www.jenikcz.cz\/wp-content\/uploads\/img_a366840_w3119_t1579414305.jpg","url":"https:\/\/www.jenikcz.cz\/wp-content\/uploads\/img_a366840_w3119_t1579414305.jpg","height":0,"width":0},"url":"https:\/\/www.jenikcz.cz\/univerzita-tretiho-veku\/","about":["Vzd\u011bl\u00e1n\u00ed"],"wordCount":444,"articleBody":"\tSyst\u00e9m celo\u017eitovn\u00edho vzd\u011bl\u00e1v\u00e1n\u00ed vznikl u\u017e v\u00a0roce 1973 ve Francii p\u0159idru\u017een k\u00a0tradi\u010dn\u00edm univerzit\u00e1m. Proto\u017ee tento syst\u00e9m vzd\u011bl\u00e1v\u00e1n\u00ed za\u010dal b\u00fdt u spole\u010dnosti velmi obl\u00edben\u00fd, roz\u0161\u00ed\u0159il se pak velmi rychle po cel\u00e9 Francii a pak i d\u00e1le do Evropy. Dnes ji\u017e m\u00e1 univerzitu t\u0159et\u00edho v\u011bku ka\u017ed\u00e1 v\u011bt\u0161\u00ed univerzita. Z\u00a0t\u011bch \u010desk\u00fdch m\u016f\u017eeme zm\u00ednit t\u0159eba Univerzitu Karlovu nebo Vysokou \u0161kolu ekonomickou, ale ani ostatn\u00ed \u010desk\u00e9 univezity nez\u016fst\u00e1vaj\u00ed pozadu.\u00a0 Tento syst\u00e9m vzd\u011bl\u00e1v\u00e1n\u00ed byl prim\u00e1rn\u011b vytvo\u0159en pro seniory, ale doch\u00e1zet m\u016f\u017ee dnes ka\u017ed\u00fd, kdo m\u00e1 chu\u0165 se nau\u010dit n\u011bco nov\u00e9ho. Vzd\u011bl\u00e1v\u00e1n\u00ed je d\u016fle\u017eit\u00e9 pro ment\u00e1ln\u00ed zdrav\u00ed \u010dlov\u011bka, jedn\u00e1 se o smyslupln\u00e9 tr\u00e1ven\u00ed voln\u00e9ho \u010dasu, ale tak\u00e9 je to d\u016fle\u017eit\u00fd prvek integrace do spole\u010dnosti. Senior, kter\u00fd by byl t\u0159eba jinak s\u00e1m doma, m\u00e1 mo\u017enost se n\u011bco nov\u00e9ho nau\u010dit, dostat se mezi vrstevn\u00edky, nav\u00e1zat nov\u00e9 soci\u00e1ln\u00ed vazby.\t\t\u00a0Jak ji\u017e bylo \u0159e\u010deno, prim\u00e1rn\u011b je tedy ur\u010den pro osoby v\u00a0postproduktivn\u00edm v\u011bku, s\u00a0ukon\u010den\u00fdm st\u0159edo\u0161kolsk\u00fdm vzd\u011bl\u00e1n\u00edm. Mo\u017enost\u00ed, kde se m\u016f\u017ee senior vzd\u011bl\u00e1vat, je i v\u00a0\u010cesk\u00e9 republice nespo\u010det. UK nap\u0159\u00edklad otev\u00edr\u00e1 kurzy celo\u017eivotn\u00edho vzd\u011bl\u00e1v\u00e1n\u00ed t\u00e9m\u011b\u0159 na v\u0161ech sv\u00fdch fakult\u00e1ch, l\u00e9ka\u0159sk\u00e1 nebo pr\u00e1vnick\u00e1 nevyj\u00edmaje. Tyto kurzy zde maj\u00ed dlouholetou tradici, prvn\u00ed z\u00a0nich se otev\u00edrali ji\u017e v\u00a0roce 1987. Na v\u011bt\u0161in\u011b \u0161kol se plat\u00ed z\u00e1pisn\u00e9, kter\u00e9 je ale pouze v\u00a0\u0159\u00e1du stokorun a je osvobozeno od platby DPH. Z\u00e1pis prob\u00edh\u00e1 soub\u011b\u017en\u011b s\u00a0klasick\u00fdm vzd\u011bl\u00e1v\u00e1n\u00edm a semestr za\u010d\u00edn\u00e1 v\u00a0z\u00e1\u0159\u00ed. P\u0159\u00edhl\u00e1\u0161ky jsou dostupn\u00e9 na sekretari\u00e1tech fakult nebo je mo\u017en\u00e9 je st\u00e1hnout na webov\u00fdch str\u00e1nk\u00e1ch fakulty a vypln\u011bn\u00e9 poslat po\u0161tou. V\u00fdstupem sice nen\u00ed akademick\u00fd titul, jako p\u0159i b\u011b\u017en\u00e9m vysko\u0161kolsk\u00e9m studiu, ale certifik\u00e1t nebo osv\u011bd\u010den\u00ed o absolvovan\u00e9m kurzu. I tato osv\u011bd\u010den\u00ed se v\u0161ak p\u0159ed\u00e1vaj\u00ed v\u00a0r\u00e1mci slavnostn\u00edho ceremoni\u00e1lu dan\u00e9 fakulty.\t\tProto, m\u00e1te-li \u010das a chu\u0165 studovat, nab\u00eddky na\u0161ich univerzt stoj\u00ed za to vyu\u017e\u00edt, nejen \u017ee ud\u011bl\u00e1te n\u011bco pro sv\u00e9 zdrav\u00ed, ale na\u010derp\u00e1te i mnoho v\u011bdomost\u00ed.\u00a0                                                                                                                                                                                                                                                                                                                                                                                        5\/5 - (2 votes)        "},{"@context":"https:\/\/schema.org\/","@type":"BreadcrumbList","itemListElement":[{"@type":"ListItem","position":1,"name":"Univerzita t\u0159et\u00edho v\u011bku","item":"https:\/\/www.jenikcz.cz\/univerzita-tretiho-veku\/#breadcrumbitem"}]}]