{"@context":"https:\/\/schema.org\/","@type":"CollectionPage","@id":"https:\/\/www.jenikcz.cz\/vzdelani\/#CollectionPage","headline":"Vzd\u011bl\u00e1n\u00ed Category","description":"","url":"https:\/\/www.jenikcz.cz\/vzdelani\/","hasPart":[{"@type":"Article","@id":"https:\/\/www.jenikcz.cz\/jaky-typ-vzdelani-je-nejlepsi\/","headline":"Jak\u00fd typ vzd\u011bl\u00e1n\u00ed je nejlep\u0161\u00ed","url":"https:\/\/www.jenikcz.cz\/jaky-typ-vzdelani-je-nejlepsi\/","datePublished":"2022-08-23","dateModified":"2023-05-31","mainEntityOfPage":"https:\/\/www.jenikcz.cz\/jaky-typ-vzdelani-je-nejlepsi\/","author":{"@type":"Person","@id":"https:\/\/www.jenikcz.cz\/author\/#Person","name":"","url":"https:\/\/www.jenikcz.cz\/author\/","identifier":1,"image":{"@type":"ImageObject","@id":"https:\/\/secure.gravatar.com\/avatar\/4eaadff62661a2c38386085c87f88f683e575f9fda122ff8560bf1208996f3c5?s=96&d=mm&r=g","url":"https:\/\/secure.gravatar.com\/avatar\/4eaadff62661a2c38386085c87f88f683e575f9fda122ff8560bf1208996f3c5?s=96&d=mm&r=g","height":96,"width":96}},"publisher":{"@type":"Organization","name":"jenikcz.cz","logo":{"@type":"ImageObject","@id":"\/logo.png","url":"\/logo.png","width":600,"height":60}},"image":{"@type":"ImageObject","@id":"https:\/\/www.jenikcz.cz\/wp-content\/uploads\/skola7.jpg","url":"https:\/\/www.jenikcz.cz\/wp-content\/uploads\/skola7.jpg","height":0,"width":0},"keywords":null},{"@type":"Article","@id":"https:\/\/www.jenikcz.cz\/svaty-kevin-v-irsku\/","headline":"Svat\u00fd Kevin v Irsku","url":"https:\/\/www.jenikcz.cz\/svaty-kevin-v-irsku\/","datePublished":"2020-09-01","dateModified":"2023-05-31","mainEntityOfPage":"https:\/\/www.jenikcz.cz\/svaty-kevin-v-irsku\/","author":{"@type":"Person","@id":"https:\/\/www.jenikcz.cz\/author\/#Person","name":"","url":"https:\/\/www.jenikcz.cz\/author\/","identifier":1,"image":{"@type":"ImageObject","@id":"https:\/\/secure.gravatar.com\/avatar\/4eaadff62661a2c38386085c87f88f683e575f9fda122ff8560bf1208996f3c5?s=96&d=mm&r=g","url":"https:\/\/secure.gravatar.com\/avatar\/4eaadff62661a2c38386085c87f88f683e575f9fda122ff8560bf1208996f3c5?s=96&d=mm&r=g","height":96,"width":96}},"publisher":{"@type":"Organization","name":"jenikcz.cz","logo":{"@type":"ImageObject","@id":"\/logo.png","url":"\/logo.png","width":600,"height":60}},"image":{"@type":"ImageObject","@id":"https:\/\/www.jenikcz.cz\/wp-content\/uploads\/img_a293304_w2245_t1505631856.jpg","url":"https:\/\/www.jenikcz.cz\/wp-content\/uploads\/img_a293304_w2245_t1505631856.jpg","height":0,"width":0},"keywords":null},{"@type":"Article","@id":"https:\/\/www.jenikcz.cz\/univerzita-tretiho-veku\/","headline":"Univerzita t\u0159et\u00edho v\u011bku","url":"https:\/\/www.jenikcz.cz\/univerzita-tretiho-veku\/","datePublished":"2020-01-21","dateModified":"2020-01-21","mainEntityOfPage":"https:\/\/www.jenikcz.cz\/univerzita-tretiho-veku\/","author":{"@type":"Person","@id":"https:\/\/www.jenikcz.cz\/author\/#Person","name":"","url":"https:\/\/www.jenikcz.cz\/author\/","identifier":1,"image":{"@type":"ImageObject","@id":"https:\/\/secure.gravatar.com\/avatar\/4eaadff62661a2c38386085c87f88f683e575f9fda122ff8560bf1208996f3c5?s=96&d=mm&r=g","url":"https:\/\/secure.gravatar.com\/avatar\/4eaadff62661a2c38386085c87f88f683e575f9fda122ff8560bf1208996f3c5?s=96&d=mm&r=g","height":96,"width":96}},"publisher":{"@type":"Organization","name":"jenikcz.cz","logo":{"@type":"ImageObject","@id":"\/logo.png","url":"\/logo.png","width":600,"height":60}},"image":{"@type":"ImageObject","@id":"https:\/\/www.jenikcz.cz\/wp-content\/uploads\/img_a366840_w3119_t1579414305.jpg","url":"https:\/\/www.jenikcz.cz\/wp-content\/uploads\/img_a366840_w3119_t1579414305.jpg","height":0,"width":0},"keywords":null},{"@type":"Article","@id":"https:\/\/www.jenikcz.cz\/proc-postizene-deti-nasilne-zaclenit-do-kolektivu\/","headline":"Pro\u010d posti\u017een\u00e9 d\u011bti n\u00e1siln\u011b za\u010dlenit do kolektivu?","url":"https:\/\/www.jenikcz.cz\/proc-postizene-deti-nasilne-zaclenit-do-kolektivu\/","datePublished":"2019-10-05","dateModified":"2023-05-31","mainEntityOfPage":"https:\/\/www.jenikcz.cz\/proc-postizene-deti-nasilne-zaclenit-do-kolektivu\/","author":{"@type":"Person","@id":"https:\/\/www.jenikcz.cz\/author\/#Person","name":"","url":"https:\/\/www.jenikcz.cz\/author\/","identifier":1,"image":{"@type":"ImageObject","@id":"https:\/\/secure.gravatar.com\/avatar\/4eaadff62661a2c38386085c87f88f683e575f9fda122ff8560bf1208996f3c5?s=96&d=mm&r=g","url":"https:\/\/secure.gravatar.com\/avatar\/4eaadff62661a2c38386085c87f88f683e575f9fda122ff8560bf1208996f3c5?s=96&d=mm&r=g","height":96,"width":96}},"publisher":{"@type":"Organization","name":"jenikcz.cz","logo":{"@type":"ImageObject","@id":"\/logo.png","url":"\/logo.png","width":600,"height":60}},"image":{"@type":"ImageObject","@id":"https:\/\/www.jenikcz.cz\/wp-content\/uploads\/img_a356271_w3736_t1570908826.png","url":"https:\/\/www.jenikcz.cz\/wp-content\/uploads\/img_a356271_w3736_t1570908826.png","height":0,"width":0},"keywords":null}]}